{"id":757,"date":"2023-07-05T18:34:20","date_gmt":"2023-07-05T18:34:20","guid":{"rendered":"https:\/\/bulletin.sipsych.org\/?p=757"},"modified":"2023-07-05T18:34:22","modified_gmt":"2023-07-05T18:34:22","slug":"mercedes-rodrigo-una-vida-para-la-psicologia","status":"publish","type":"post","link":"https:\/\/bulletin.sipsych.org\/index.php\/2023\/07\/05\/mercedes-rodrigo-una-vida-para-la-psicologia\/","title":{"rendered":"Mercedes Rodrigo, Una vida para la Psicolog\u00eda.\u00a0"},"content":{"rendered":"\n<p>Por: Irma Roca de Torres<\/p>\n\n\n\n<p>Rese\u00f1a del libro: Uma\u00f1a Amaya, O. y De la Riva Colina, G. (2022). Mercedes Rodrigo, Una vida para la Psicolog\u00eda. Fundaci\u00f3n Bruno Alonso<\/p>\n\n\n\n<p>Este libro reci\u00e9n publicado por la Fundaci\u00f3n Bruno Alonso, con la autor\u00eda de Olga Uma\u00f1a Amaya, Psic\u00f3loga colombiana, educada en Colombia, Venezuela y Espa\u00f1a y su esposo Germ\u00e1n de la Riva Colina, psic\u00f3logo espa\u00f1ol, educado en Espa\u00f1a, Colombia y Venezuela, ambos radicados en Santander, Espa\u00f1a es un libro que rescata la memoria de Mercedes Rodrigo Bellido, la primera psic\u00f3loga espa\u00f1ola, quien ejerci\u00f3 sus funciones en tres importantes pa\u00edses del mundo: Espa\u00f1a, Colombia y Puerto Rico. \u00a1Qui\u00e9n mejor para recatar su memoria que un matrimonio con trasfondo tanto espa\u00f1ol como colombiano y con familiares y experiencia de trabajo en Puerto Rico y Estados Unidos de Am\u00e9rica! Es un trabajo de amor y de compromiso patrio llevado a cabo por dos psic\u00f3logos espa\u00f1oles y latinoamericanos.<\/p>\n\n\n\n<p>El libro est\u00e1 dividido en una introducci\u00f3n, tres cap\u00edtulos, dos ap\u00e9ndices y una bibliograf\u00eda. En el primer cap\u00edtulo, <em>Madre de la Psicolog\u00eda en Espa\u00f1a<\/em>, narra la estad\u00eda de Mercedes Rodrigo Bellido en Espa\u00f1a y Europa. Comienza con su nacimiento el 12 de mayo de 1891 en Madrid, Espa\u00f1a, sus estudios de primaria y secundaria culminando con su profesi\u00f3n de magisterio. Obtiene el Diploma de Normal en 1910 en la Escuela Normal de Maestras de Madrid&nbsp; y al pr\u00f3ximo a\u00f1o se grad\u00faa de Maestra Superior. Al graduarse, se inicia como maestra en el Colegio Nacional de Sordomudos y Ciegos de Madrid.<\/p>\n\n\n\n<p>Siendo una profesional curiosa, y a quien la estimulaba el estudio, solicita en 1920 una beca para estudios universitarios superiores a la Junta de Ampliaci\u00f3n de Estudios, entidad gubernamental que ofrece becas para estudios graduados, y se matricula en <em>L\u2019\u00c9cole de L\u2019\u00c9ducation de L\u2019Universit\u00e9 de Gen\u00e8ve<\/em>, donde estudi\u00f3 Psicolog\u00eda. Entre sus profesores y profesoras se encontraba \u00c9douard Clapar\u00e8de, Jean Piaget, Alice Descoudres y Sabina Spielrein. Obtuvo un doctorado en psicolog\u00eda y pedagog\u00eda en el Instituto Jean Jacques Rousseau en 1923 y regres\u00f3 a su pa\u00eds.<\/p>\n\n\n\n<p>Al regresar a Espa\u00f1a, junto a su compatriota Pere Rossell\u00f3, la contratan para formar maestros y maestras en el Museo Pedag\u00f3gico Nacional de Madrid. Es decir, deb\u00edan ense\u00f1ar a los maestros\/as espa\u00f1oles las t\u00e9cnicas educativas aprendidas en Suiza. Trabaj\u00f3 en el Instituto de Reeducaci\u00f3n de Inv\u00e1lidos del Trabajo de Madrid en orientaci\u00f3n y evaluaci\u00f3n, aplicando la psicotecnia al proceso de evaluaci\u00f3n para hacer recomendaciones basadas en las capacidades de cada persona. Posteriormente, dirigi\u00f3 la Secci\u00f3n de Pedagog\u00eda del Instituto M\u00e9dico Pedag\u00f3gico de Carabanchel en Madrid.&nbsp;<\/p>\n\n\n\n<p>En 1929 es nombrada subdirectora y posteriormente directora del Instituto de Psicotecnia de Madrid, centro que, en conjunci\u00f3n con Jos\u00e9 Germain, m\u00e9dico-psiquiatra, se dedica al desarrollo y adaptaci\u00f3n de instrumentos de evaluaci\u00f3n psicol\u00f3gica, t\u00e9cnica que hab\u00eda aprendido Mercedes con Jean Piaget y Alice Descoudres. Uno de los trabajos m\u00e1s importantes de este Instituto es la identificaci\u00f3n de ni\u00f1os y ni\u00f1as superdotados para ofrecerles una educaci\u00f3n especial, con alimentaci\u00f3n especial y las mejores experiencias de estimulaci\u00f3n para desarrollar al m\u00e1ximo sus talentos. Desde 1934 es tambi\u00e9n nombrada directora y psic\u00f3loga del Tribunal de Menores. Tanto este trabajo en el Tribunal de Menores como en el del Instituto de Psicotecnia los mantiene hasta 1939 cuando decide dejar el pa\u00eds en busca de mayor libertad de esp\u00edritu personal.<\/p>\n\n\n\n<p>En este cap\u00edtulo, los autores pasan luego a presentar los diferentes congresos de psicotecnia y educaci\u00f3n que Mercedes asisti\u00f3 o no asisti\u00f3 durante esos a\u00f1os y detallan con esmero algunos de los asistentes y las ponencias presentadas. El cap\u00edtulo finaliza con una cronolog\u00eda de eventos, art\u00edculos y trabajos durante su etapa en Espa\u00f1a. Una de las ventajas de este libro es que mientras narra las aventuras de Mercedes en el mundo, comenta los eventos hist\u00f3ricos y los personajes contempor\u00e1neos en la psicolog\u00eda y ciencias coet\u00e1neas, lo que permite entender mejor la trayectoria de esta psic\u00f3loga espa\u00f1ola pionera.<\/p>\n\n\n\n<p>En el segundo cap\u00edtulo del libro, <em>Precursora de la 1a Facultad de Psicolog\u00eda en Colombia y Am\u00e9rica Latina<\/em>, los autores nos presentan la gesti\u00f3n desarrollada por Mercedes Rodrigo en Colombia donde estuvo radicada desde 1949-1951. Esta psic\u00f3loga pionera deja su pa\u00eds al final de la Guerra Civil en b\u00fasqueda de un ambiente de menos restricciones pol\u00edticas y con m\u00e1s libertad de expresi\u00f3n. Escoge Colombia como destino, gracias a una invitaci\u00f3n de Agust\u00edn Nieto Caballero, rector de la Universidad Nacional de Colombia, que la hab\u00eda invitado para que organizara los servicios de psicotecnia en la Universidad y desarrollara pruebas de admisi\u00f3n a la Universidad. En esta Universidad funda y dirige la Secci\u00f3n de Psicotecnia, donde adapta varias pruebas psicol\u00f3gicas de aptitud, desarrolla un Examen de Admisi\u00f3n a la Escuela de Medicina y a otras carreras y ofrece orientaci\u00f3n psicol\u00f3gica a estudiantes.&nbsp;<\/p>\n\n\n\n<p>Adem\u00e1s de su trabajo en la Universidad, Mercedes, a nivel privado, funda y trabaja en el Instituto Garc\u00eda Madrid para Ni\u00f1os Anormales, junto a su colaborador y disc\u00edpulo Jos\u00e9 Mar\u00eda Garc\u00eda Madrid, psic\u00f3logo espa\u00f1ol que posteriormente estudi\u00f3 medicina y psiquiatr\u00eda. Desarrolla otras pruebas de admisi\u00f3n a otras escuelas profesionales privadas e inclusive para escoger los agentes de la polic\u00eda del estado. En 1947, funda el Instituto de Psicolog\u00eda Aplicada en la Universidad Nacional de Colombia, que ofrece el primer curr\u00edculo de Psicolog\u00eda profesional en Colombia. La primera clase de licenciatura en Psicolog\u00eda se gradu\u00f3 despu\u00e9s que ella sali\u00f3 del pa\u00eds en 1951, al ser acusada sin fundamento, de favorecer estudiantes comunistas en sus pruebas de admisi\u00f3n.<\/p>\n\n\n\n<p>Nuevamente en el cap\u00edtulo segundo los autores recorren la historia colombiana y nos comunican la situaci\u00f3n que enfrentan los exilados espa\u00f1oles al llegar a Bogot\u00e1 y las instituciones y grupos culturales que les ayudan. En su detallada narrativa de los pasos de Mercedes por esta capital colombiana mencionan y nos presentan otras personas que contribuyen al desarrollo de la Psicolog\u00eda colombiana. A finales de la d\u00e9cada de 1940 sube al poder en Colombia un gobierno conservador que desarrolla pol\u00edticas que limitan la libertad de expresi\u00f3n y provocan el exilio de algunas personas importantes, entre ellas Mercedes Rodrigo.<\/p>\n\n\n\n<p>En el tercer cap\u00edtulo, <em>L\u00edder en la pr\u00e1ctica profesional en Puerto Rico<\/em>, los autores narran los eventos en la vida de Mercedes desde 1951 hasta su fallecimiento en 1982. Esta psic\u00f3loga espa\u00f1ola entra a Puerto Rico con una visa de trabajo gracias a su contrataci\u00f3n como Conferenciante a tarea parcial en el Colegio ce Pedagog\u00eda de la Universidad de Puerto Rico en R\u00edo Piedras. Adem\u00e1s, ha firmado un contrato para trabajar como psic\u00f3loga cl\u00ednica a tiempo parcial en la Administraci\u00f3n de Veteranos. En vista de que ambos trabajos son a tarea parcial, en alg\u00fan momento tambi\u00e9n trabaja con la Cl\u00ednica Juli\u00e1, entidad privada que atiende personas con trastornos mentales y que tiene un contrato con Veteranos. Los autores mencionan que es posible que tambi\u00e9n trabajara como psic\u00f3loga en el Hospital de Psiquiatr\u00eda cuyo director era el Dr. Jos\u00e9 Mar\u00eda Garc\u00eda Madrid, su colaborador e \u201chijo adoptivo\u201d que las ha acompa\u00f1ado a ella y su hermana Mar\u00eda desde que salieron de Espa\u00f1a en 1939. Adem\u00e1s, mencionan un trabajo colaborativo con este doctor con una poblaci\u00f3n de personas confinadas. Finalmente, narran su contribuci\u00f3n a la fundaci\u00f3n de la Asociaci\u00f3n de Psic\u00f3logos (hoy, Psicolog\u00eda) de Puerto Rico (APPR) en 1954. En la APPR ella estuvo en su Junta Directiva desde 1954-1960, siendo su presidenta de 1958-59. Terminan el cap\u00edtulo con una lista de eventos, art\u00edculos y trabajos de Mercedes Rodrigo durante su estad\u00eda en Puerto Rico.<\/p>\n\n\n\n<p>En el Ap\u00e9ndice 1 presentan un resumen de sus entrevistas con Ana Mar\u00eda Garc\u00eda Blanco, su \u201cnieta\u201d puertorrique\u00f1a, hija de su colaborador e \u201chijo adoptivo\u201d Jos\u00e9 Mar\u00eda Garc\u00eda Madrid y de Irma Roca de Torres, psic\u00f3loga y profesora jubilada puertorrique\u00f1a, quien suscribe esta rese\u00f1a. En el Ap\u00e9ndice 2 se incluyen documentos y cartas que dan fe de su trabajo en la Universidad de Puerto Rico y que son cortes\u00eda de esta universidad. La Bibliograf\u00eda incluye las fuentes consultadas para escribir esta biograf\u00eda.<\/p>\n\n\n\n<p>Este libro es recomendable para toda persona interesada en la historia de la psicolog\u00eda latinoamericana, tanto profesionales como estudiantes. Es un libro que ofrece pinceladas hist\u00f3ricas de la vida de esta psic\u00f3loga espa\u00f1ola de principios del siglo XX e incluye a sus colegas de la psicolog\u00eda y ciencias coet\u00e1neas que le acompa\u00f1aron en este caminar. Menciona, sobre todo, a su hermana Mar\u00eda, una reconocida pianista y a su disc\u00edpulo Jos\u00e9 Mar\u00eda. Est\u00e1 plasmado de hermosas fotograf\u00edas que recorren su caminar y su impacto en la psicolog\u00eda europea y latinoamericana. Es un tributo de amor a una mujer que se distingui\u00f3 en los inicios de esta ciencia de la conducta.<\/p>\n\n\n\n<p><strong><a href=\"https:\/\/bulletin.sipsych.org\/wp-content\/uploads\/2023\/07\/20-torres.pdf\">Descarga el PDF del art\u00edculo en Psicolog\u00eda Interamericana<\/a><\/strong><\/p>\n","protected":false},"excerpt":{"rendered":"<p>Por: Irma Roca de Torres Rese\u00f1a del libro: Uma\u00f1a Amaya, O. y De la Riva Colina, G. (2022). Mercedes Rodrigo, Una vida para la Psicolog\u00eda. Fundaci\u00f3n Bruno Alonso Este libro reci\u00e9n publicado por la Fundaci\u00f3n Bruno Alonso, con la autor\u00eda de Olga Uma\u00f1a Amaya, Psic\u00f3loga colombiana, educada en Colombia, Venezuela y Espa\u00f1a y su esposo [&hellip;]<\/p>\n","protected":false},"author":2,"featured_media":760,"comment_status":"open","ping_status":"open","sticky":false,"template":"","format":"standard","meta":{"_et_pb_use_builder":"off","_et_pb_old_content":"","_et_gb_content_width":"","footnotes":""},"categories":[205,87],"tags":[219,53,218,217],"class_list":["post-757","post","type-post","status-publish","format-standard","has-post-thumbnail","hentry","category-boletin-no-112","category-novedades-editoriales","tag-espana","tag-historia-de-la-psicologia","tag-irma-roca-de-torres","tag-mercedes-rodrigo","et-has-post-format-content","et_post_format-et-post-format-standard"],"_links":{"self":[{"href":"https:\/\/bulletin.sipsych.org\/index.php\/wp-json\/wp\/v2\/posts\/757","targetHints":{"allow":["GET"]}}],"collection":[{"href":"https:\/\/bulletin.sipsych.org\/index.php\/wp-json\/wp\/v2\/posts"}],"about":[{"href":"https:\/\/bulletin.sipsych.org\/index.php\/wp-json\/wp\/v2\/types\/post"}],"author":[{"embeddable":true,"href":"https:\/\/bulletin.sipsych.org\/index.php\/wp-json\/wp\/v2\/users\/2"}],"replies":[{"embeddable":true,"href":"https:\/\/bulletin.sipsych.org\/index.php\/wp-json\/wp\/v2\/comments?post=757"}],"version-history":[{"count":1,"href":"https:\/\/bulletin.sipsych.org\/index.php\/wp-json\/wp\/v2\/posts\/757\/revisions"}],"predecessor-version":[{"id":761,"href":"https:\/\/bulletin.sipsych.org\/index.php\/wp-json\/wp\/v2\/posts\/757\/revisions\/761"}],"wp:featuredmedia":[{"embeddable":true,"href":"https:\/\/bulletin.sipsych.org\/index.php\/wp-json\/wp\/v2\/media\/760"}],"wp:attachment":[{"href":"https:\/\/bulletin.sipsych.org\/index.php\/wp-json\/wp\/v2\/media?parent=757"}],"wp:term":[{"taxonomy":"category","embeddable":true,"href":"https:\/\/bulletin.sipsych.org\/index.php\/wp-json\/wp\/v2\/categories?post=757"},{"taxonomy":"post_tag","embeddable":true,"href":"https:\/\/bulletin.sipsych.org\/index.php\/wp-json\/wp\/v2\/tags?post=757"}],"curies":[{"name":"wp","href":"https:\/\/api.w.org\/{rel}","templated":true}]}}