{"id":748,"date":"2023-07-05T18:33:48","date_gmt":"2023-07-05T18:33:48","guid":{"rendered":"https:\/\/bulletin.sipsych.org\/?p=748"},"modified":"2023-07-05T18:33:49","modified_gmt":"2023-07-05T18:33:49","slug":"logros-membresia-peru","status":"publish","type":"post","link":"https:\/\/bulletin.sipsych.org\/index.php\/2023\/07\/05\/logros-membresia-peru\/","title":{"rendered":"Logros membres\u00eda Per\u00fa"},"content":{"rendered":"\n<p>Elabor\u00f3:&nbsp; Andy Oliva C\u00e1rdenas&nbsp; |&nbsp; Representante Nacional en Per\u00fa &#8211; SIP<\/p>\n\n\n\n<p>En el marco de la celebraci\u00f3n por el d\u00eda del psic\u00f3logo peruano, el Colegio de Psic\u00f3logos del Per\u00fa \u2013 Consejo Directivo Nacional, ha cre\u00eddo meritorio reconocer la labor de cuatro psic\u00f3logos miembros de la Sociedad Interamericana de psicolog\u00eda en Per\u00fa, teniendo en consideraci\u00f3n su larga trayectoria como profesionales, el aporte cient\u00edfico y acad\u00e9mico, la constante investigaci\u00f3n y dedicaci\u00f3n al crecimiento profesional, etc. Los cuales son:<\/p>\n\n\n\n<p><\/p>\n\n\n\n<div class=\"wp-block-media-text alignwide is-stacked-on-mobile\" style=\"grid-template-columns:15% auto\"><figure class=\"wp-block-media-text__media\"><img fetchpriority=\"high\" fetchpriority=\"high\" decoding=\"async\" width=\"262\" height=\"330\" src=\"https:\/\/bulletin.sipsych.org\/wp-content\/uploads\/2023\/07\/walterarias.jpg\" alt=\"\" class=\"wp-image-750 size-full\" srcset=\"https:\/\/bulletin.sipsych.org\/wp-content\/uploads\/2023\/07\/walterarias.jpg 262w, https:\/\/bulletin.sipsych.org\/wp-content\/uploads\/2023\/07\/walterarias-238x300.jpg 238w\" sizes=\"(max-width: 262px) 100vw, 262px\" \/><\/figure><div class=\"wp-block-media-text__content\">\n<p><strong>Dr. Walter Lizandro Arias Gallegos &#8211;&nbsp;Premio Nacional en Psicolog\u00eda<\/strong><\/p>\n\n\n\n<p>&nbsp;Doctor en Psicolog\u00eda por la Universidad Nacional de San Agust\u00edn (Arequipa); destaca por sus investigaciones en historia de la psicolog\u00eda peruana y latinoamericana, psicolog\u00eda educativa, organizacional, familia y positiva. De igual modo, ha publicado libros y art\u00edculos de inter\u00e9s psicol\u00f3gico. Asimismo, docente con larga trayectoria en la ense\u00f1anza de la psicolog\u00eda en distintas universidades de la regi\u00f3n. Por su larga trayectoria, el colegio de psic\u00f3logos del Per\u00fa ha reconocido al Dr. Arias con el premio nacional en psicolog\u00eda del Per\u00fa.<\/p>\n<\/div><\/div>\n\n\n\n<p><\/p>\n\n\n\n<div class=\"wp-block-media-text alignwide is-stacked-on-mobile\" style=\"grid-template-columns:15% auto\"><figure class=\"wp-block-media-text__media\"><img decoding=\"async\" width=\"260\" height=\"304\" src=\"https:\/\/bulletin.sipsych.org\/wp-content\/uploads\/2023\/07\/tomascaycho.jpg\" alt=\"\" class=\"wp-image-752 size-full\" srcset=\"https:\/\/bulletin.sipsych.org\/wp-content\/uploads\/2023\/07\/tomascaycho.jpg 260w, https:\/\/bulletin.sipsych.org\/wp-content\/uploads\/2023\/07\/tomascaycho-257x300.jpg 257w\" sizes=\"(max-width: 260px) 100vw, 260px\" \/><\/figure><div class=\"wp-block-media-text__content\">\n<p><strong>&nbsp;Dr. Tomas Pedro Pablo Caycho Rodr\u00edguez &#8211;&nbsp;Reconocimiento en la especialidad de Investigaci\u00f3n en Psicolog\u00eda<\/strong><\/p>\n\n\n\n<p>Doctor en Psicolog\u00eda; destaca por sus innumerables investigaciones a nivel nacional e internacional en distintas \u00e1reas de la psicolog\u00eda. Asimismo, docente con larga trayectoria en la docencia universitaria. El colegio de psic\u00f3logos del Per\u00fa ha reconocido al Dr. Caycho con el premio en Reconocimiento en la especialidad de Investigaci\u00f3n en Psicolog\u00eda. (El reconocimiento fue entregado a la madre del Doctor Caycho, puesto que, se encontraba fuera del pa\u00eds en el momento de la premiaci\u00f3n)<\/p>\n<\/div><\/div>\n\n\n\n<p><\/p>\n\n\n\n<div class=\"wp-block-media-text alignwide is-stacked-on-mobile\" style=\"grid-template-columns:15% auto\"><figure class=\"wp-block-media-text__media\"><img decoding=\"async\" width=\"256\" height=\"280\" src=\"https:\/\/bulletin.sipsych.org\/wp-content\/uploads\/2023\/07\/susanaroggero.jpg\" alt=\"Susana Roggero\" class=\"wp-image-753 size-full\"\/><\/figure><div class=\"wp-block-media-text__content\">\n<p><strong>Dra. Susana Consuelo Roggero Rebazza &#8211;&nbsp;Reconocimiento en la especialidad de Psicolog\u00eda Cl\u00ednica y de la Salud<\/strong><\/p>\n\n\n\n<p>Doctora en Psicolog\u00eda; destaca por su larga trayectoria como psic\u00f3loga cl\u00ednica y su ardua y dedicada labor en la profesi\u00f3n. El colegio de psic\u00f3logos del Per\u00fa ha reconocido a la Dra. Roggero con el premio en Reconocimiento en la especialidad de Psicolog\u00eda Cl\u00ednica y de la Salud.<\/p>\n<\/div><\/div>\n\n\n\n<p><\/p>\n\n\n\n<div class=\"wp-block-media-text alignwide is-stacked-on-mobile\" style=\"grid-template-columns:15% auto\"><figure class=\"wp-block-media-text__media\"><img loading=\"lazy\" loading=\"lazy\" decoding=\"async\" width=\"270\" height=\"330\" src=\"https:\/\/bulletin.sipsych.org\/wp-content\/uploads\/2023\/07\/julioabarca.jpg\" alt=\"\" class=\"wp-image-754 size-full\" srcset=\"https:\/\/bulletin.sipsych.org\/wp-content\/uploads\/2023\/07\/julioabarca.jpg 270w, https:\/\/bulletin.sipsych.org\/wp-content\/uploads\/2023\/07\/julioabarca-245x300.jpg 245w\" sizes=\"(max-width: 270px) 100vw, 270px\" \/><\/figure><div class=\"wp-block-media-text__content\">\n<p><strong>Dr. Julio Cesar Abarca Cordero &#8211;&nbsp;Reconocimiento en la especialidad de Psicolog\u00eda Pol\u00edtica<\/strong><\/p>\n\n\n\n<p>Doctor en psicolog\u00eda; destaca por su larga trayectoria como psic\u00f3logo pol\u00edtico. En la actualidad, realiza la labor de decano del colegio de psic\u00f3logos del Per\u00fa \u2013 Regi\u00f3n Arequipa. Asimismo, docente con larga trayectoria en la ense\u00f1anza de la psicolog\u00eda en distintas universidades de la regi\u00f3n. El colegio de psic\u00f3logos del Per\u00fa ha reconocido al Dr. Abarca con el premio en la especialidad de Psicolog\u00eda Pol\u00edtica.<\/p>\n<\/div><\/div>\n\n\n\n<p><\/p>\n\n\n\n<p>Por \u00faltimo, cabe se\u00f1alar que este reconocimiento a los miembros de la sociedad, motiva a toda la comunidad psicol\u00f3gica peruana e interamericana a seguir fomentando el esp\u00edritu investigador y perseverar en el caminar profesional.<\/p>\n\n\n\n<p><strong><a href=\"https:\/\/bulletin.sipsych.org\/wp-content\/uploads\/2023\/07\/21-oliva.pdf\">Descarga el PDF de este art\u00edculo en Psicolog\u00eda Interamericana<\/a><\/strong><\/p>\n","protected":false},"excerpt":{"rendered":"<p>Elabor\u00f3:&nbsp; Andy Oliva C\u00e1rdenas&nbsp; |&nbsp; Representante Nacional en Per\u00fa &#8211; SIP En el marco de la celebraci\u00f3n por el d\u00eda del psic\u00f3logo peruano, el Colegio de Psic\u00f3logos del Per\u00fa \u2013 Consejo Directivo Nacional, ha cre\u00eddo meritorio reconocer la labor de cuatro psic\u00f3logos miembros de la Sociedad Interamericana de psicolog\u00eda en Per\u00fa, teniendo en consideraci\u00f3n su [&hellip;]<\/p>\n","protected":false},"author":2,"featured_media":749,"comment_status":"open","ping_status":"open","sticky":false,"template":"","format":"standard","meta":{"_et_pb_use_builder":"off","_et_pb_old_content":"","_et_gb_content_width":"","footnotes":""},"categories":[205,91],"tags":[216,80,94,215,214,213],"class_list":["post-748","post","type-post","status-publish","format-standard","has-post-thumbnail","hentry","category-boletin-no-112","category-orgullo-compartido","tag-julio-cesar-abarca-cordero","tag-peru","tag-premios","tag-susana-consuelo-roggero-rebazza","tag-tomas-pedro-pablo-caycho-rodriguez","tag-walter-lizandro-arias-gallegos","et-has-post-format-content","et_post_format-et-post-format-standard"],"_links":{"self":[{"href":"https:\/\/bulletin.sipsych.org\/index.php\/wp-json\/wp\/v2\/posts\/748","targetHints":{"allow":["GET"]}}],"collection":[{"href":"https:\/\/bulletin.sipsych.org\/index.php\/wp-json\/wp\/v2\/posts"}],"about":[{"href":"https:\/\/bulletin.sipsych.org\/index.php\/wp-json\/wp\/v2\/types\/post"}],"author":[{"embeddable":true,"href":"https:\/\/bulletin.sipsych.org\/index.php\/wp-json\/wp\/v2\/users\/2"}],"replies":[{"embeddable":true,"href":"https:\/\/bulletin.sipsych.org\/index.php\/wp-json\/wp\/v2\/comments?post=748"}],"version-history":[{"count":4,"href":"https:\/\/bulletin.sipsych.org\/index.php\/wp-json\/wp\/v2\/posts\/748\/revisions"}],"predecessor-version":[{"id":843,"href":"https:\/\/bulletin.sipsych.org\/index.php\/wp-json\/wp\/v2\/posts\/748\/revisions\/843"}],"wp:featuredmedia":[{"embeddable":true,"href":"https:\/\/bulletin.sipsych.org\/index.php\/wp-json\/wp\/v2\/media\/749"}],"wp:attachment":[{"href":"https:\/\/bulletin.sipsych.org\/index.php\/wp-json\/wp\/v2\/media?parent=748"}],"wp:term":[{"taxonomy":"category","embeddable":true,"href":"https:\/\/bulletin.sipsych.org\/index.php\/wp-json\/wp\/v2\/categories?post=748"},{"taxonomy":"post_tag","embeddable":true,"href":"https:\/\/bulletin.sipsych.org\/index.php\/wp-json\/wp\/v2\/tags?post=748"}],"curies":[{"name":"wp","href":"https:\/\/api.w.org\/{rel}","templated":true}]}}