{"id":378,"date":"2022-07-07T00:51:26","date_gmt":"2022-07-07T00:51:26","guid":{"rendered":"https:\/\/bulletin.sipsych.org\/?p=378"},"modified":"2022-07-07T00:51:28","modified_gmt":"2022-07-07T00:51:28","slug":"sip-y-alapcco-una-nueva-colaboracion","status":"publish","type":"post","link":"https:\/\/bulletin.sipsych.org\/index.php\/2022\/07\/07\/sip-y-alapcco-una-nueva-colaboracion\/","title":{"rendered":"SIP y ALAPCCO: Una nueva colaboraci\u00f3n"},"content":{"rendered":"\n<p>Naomi Koerner<sup>1<\/sup>, Jennifer Morales-Cruz<sup>2<\/sup>, Alfonso Urz\u00faa<sup>3<\/sup>, Carlos Zalaquett<sup>4<\/sup> y Carmem Beatriz Neufeld<sup>5<\/sup><\/p>\n\n\n\n<p><sup>1<\/sup> Departamento de Psicolog\u00eda, Toronto Metropolitan University (anteriormente conocida como Ryerson University), Canad\u00e1 | <sup>2<\/sup> Escuela de Ciencias Conductuales y Neurales, Universidad de las Ciencias de la Salud de Ponce, Puerto Rico | <sup>3<\/sup> Escuela de Psicolog\u00eda, Universidad Cat\u00f3lica del Norte, Chile | <sup>4<\/sup> Departamento&nbsp; de Psicolog\u00eda Educativa, Consejer\u00eda y Educaci\u00f3n Especial, The Pennsylvania State University, Estados Unidos | <sup>5<\/sup> Departamento de Psicolog\u00eda, Facultad de Filosof\u00eda, Ciencias y Letras de Ribeir\u00e3o Preto, Universidad de S\u00e3o Paulo, Brasil<\/p>\n\n\n\n<p>Nos complace compartir que el 16 de diciembre 2021, la Sociedad Interamericana de Psicolog\u00eda (SIP) y la Federaci\u00f3n Latinoamericana de Psicoterapias Cognitivas y Conductuales (ALAPCCO) firmaron un convenio de colaboraci\u00f3n centrado en el avance de la ciencia y la pr\u00e1ctica de la psicolog\u00eda (para detalles, ver: <a href=\"https:\/\/sipsych.org\/convenios\/\">https:\/\/sipsych.org\/convenios\/<\/a> ).<\/p>\n\n\n\n<p>La presidente de la ALAPCCO es la Dra. Carmem Beatriz Neufeld (Brasil), Profesora Asociada del Departamento de Psicolog\u00eda de la Facultad de Filosof\u00eda, Ciencias y Letras de Ribeir\u00e3o Preto de la Universidad de S\u00e3o Paulo. La Dra. Neufeld tambi\u00e9n es parte del grupo de trabajo de la Iniciativa Presidencial de la SIP que se enfoca en aumentar el acceso a intervenciones basadas en evidencia para la depresi\u00f3n, la ansiedad y el insomnio en Am\u00e9rica Latina y el Caribe. Esta iniciativa est\u00e1 codirigida por los Dres. Naomi Koerner (Canad\u00e1; Delegada Nacional de la SIP) y Carlos Zalaquett (Pasado Presidente de la SIP) junto con Dres. Carmem Beatriz Neufeld, Jennifer Morales Cruz (Puerto Rico), Pedronel Gonz\u00e1lez Rodr\u00edguez (Honduras, Representante Nacional de la SIP), Fuensanta L\u00f3pez Rosales (M\u00e9xico) y Emilia Aparecida Calixto Afrange (Brasil).<\/p>\n\n\n\n<p>La ALAPCCO (<a href=\"https:\/\/www.alapcco.com\">https:\/\/www.alapcco.com<\/a>) es una entidad sin fines de lucro dedicada al desarrollo, promoci\u00f3n y avance de las Terapias Cognitivas y Conductuales (TCC) en Am\u00e9rica Latina. Su membres\u00eda se compone de asociaciones cognitivo-conductuales regionales, algunas de las cuales se establecieron en las d\u00e9cadas de 1980 y 1990, coincidiendo con el creciente inter\u00e9s en Am\u00e9rica Latina en las terapias basadas en la evidencia. La \u00faltima d\u00e9cada ha visto el surgimiento de nuevas asociaciones (por ejemplo, en Panam\u00e1, Paraguay), fortaleciendo el aumento en la presencia de las terapias cognitivas y conductuales en la regi\u00f3n (Neufeld, 2021b). En 2021, la ALAPCCO cumpli\u00f3 25 a\u00f1os. Muchas de las personas que la fundaron son reconocidas internacionalmente por sus distinguidas contribuciones a la ciencia y la pr\u00e1ctica de la terapia cognitivo-conductual y tienen una presencia activa en la ALAPCCO hasta el d\u00eda de hoy.<\/p>\n\n\n\n<p>&nbsp;Entre los principales objetivos de ALAPCCO se encuentran la organizaci\u00f3n y difusi\u00f3n de eventos de formaci\u00f3n educativa (p. ej., congresos, seminarios y talleres) y materiales (p. ej., videos); el fomento del intercambio y la colaboraci\u00f3n entre profesionales de la cl\u00ednica y la investigaci\u00f3n; y la promoci\u00f3n de iniciativas comunitarias centradas en la salud mental en Am\u00e9rica Latina.<\/p>\n\n\n\n<p>&nbsp;Del 3 al 5 de marzo de 2022, la ALAPCCO realiz\u00f3 su 3er Simposio Internacional de manera virtual con m\u00e1s de 12.000 inscripciones de 37 pa\u00edses. Las ponencias proced\u00edan de Am\u00e9rica Latina, Estados Unidos, Canad\u00e1 e Israel. Las autor\u00edas de este art\u00edculo fuimos invitadas a presentar en el evento.&nbsp;<\/p>\n\n\n\n<p>En su discurso de apertura, la Dra. Neufeld habl\u00f3 sobre los modelos de atenci\u00f3n escalonada y su potencial para satisfacer las necesidades urgentes de los servicios de salud mental en las Am\u00e9ricas. En un enfoque de atenci\u00f3n escalonada, las intervenciones var\u00edan en cuanto a la intensidad de recursos desde menor (p. ej., materiales de autoayuda, intervenciones de psicoeducaci\u00f3n) hasta mayor (terapia individual cara a cara). Tal enfoque es potencialmente m\u00e1s eficaz que los modelos tradicionales de prestaci\u00f3n de servicios tanto en t\u00e9rminos de alcance como de costo general. Neufeld present\u00f3 una investigaci\u00f3n sobre intervenciones grupales en l\u00ednea de baja intensidad que ella y sus colegas desarrollaron, aplicaron y evaluaron durante la pandemia de COVID-19. Por ejemplo, el proyecto \u201cLaPICC contra COVID-19\u201d (2021a) prob\u00f3 una intervenci\u00f3n de TCC de 2 sesiones dirigida a la ansiedad y el estr\u00e9s. El programa se asoci\u00f3 con una mejora en la ansiedad, y una mejora en los comportamientos de autocuidado y las habilidades de manejo de las emociones.<\/p>\n\n\n\n<p>&nbsp;Dra. Naomi Koerner habl\u00f3 sobre el tratamiento de la preocupaci\u00f3n y la ansiedad cr\u00f3nicas mediante el fortalecimiento de la tolerancia a la incertidumbre. Hasta la d\u00e9cada de 1980, no se comprend\u00eda bien c\u00f3mo tratar la ansiedad y la preocupaci\u00f3n persistente y excesiva. Sin embargo, a menudo se prescrib\u00edan estrategias de manejo del estr\u00e9s con poco efecto. La investigaci\u00f3n que muestra una estrecha relaci\u00f3n entre la preocupaci\u00f3n y la dificultad para soportar la incertidumbre, ha llevado al desarrollo de una terapia eficaz que tiene los siguientes componentes: psicoeducaci\u00f3n, desafiar las creencias in\u00fatiles sobre la utilidad de la preocupaci\u00f3n, experimentos conductuales, entrenamiento para la resoluci\u00f3n de problemas y exposici\u00f3n imaginaria al \u201cpeor de los casos\u201d.<\/p>\n\n\n\n<p>&nbsp;Dra. Jennifer Morales Cruz present\u00f3 en la mesa redonda los desaf\u00edos y retos de las TCCs como intervenci\u00f3n en la salud integral. Comparti\u00f3 su&nbsp;experiencia en la implementaci\u00f3n de la Terapia Cognitivo Conductual para el Insomnio (TCC-I) en&nbsp;l\u00ednea&nbsp;durante la pandemia. Expuso los componentes del modelo de la TCC-I y su aplicaci\u00f3n en una intervenci\u00f3n manualizada traducida y adaptada al espa\u00f1ol para un grupo de sobrevivientes de c\u00e1ncer de mama. Present\u00f3 los&nbsp;retos y desaf\u00edos en la implementaci\u00f3n de la TCC-I en&nbsp;l\u00ednea&nbsp;y recomendaciones para futuras investigaciones, enfatizando en la importancia de las adaptaciones culturales de los tratamientos basados en la evidencia.&nbsp;&nbsp;&nbsp;<\/p>\n\n\n\n<p>&nbsp;Dr. Alfonso Urz\u00faa (presidente de la SIP) expuso sobre la evidencia encontrada en sus investigaciones sobre diversos factores que pueden incidir, ya sea favorablemente en la mantenci\u00f3n del bienestar psicol\u00f3gico, o en la aparici\u00f3n y mantenci\u00f3n de sintomatolog\u00eda psicopatol\u00f3gica asociada a problemas frecuentes de salud mental, todo esto en el campo de la poblaci\u00f3n migrante.&nbsp; Se discutieron adem\u00e1s diversas estrategias que pueden ser utilizadas en el campo de la intervenci\u00f3n psicoterap\u00e9utica, especialmente los vinculados al desarrollo de estrategias de afrontamiento frente al estr\u00e9s por aculturaci\u00f3n, un tipo espec\u00edfico de estr\u00e9s producto del contacto entre la persona que migra y el lugar al que migra, especialmente cuando las demandas sobrepasan los recursos personales del migrante.&nbsp;<\/p>\n\n\n\n<p>&nbsp;Dr. Carlos Zalaquett habl\u00f3 sobre las formas en que profesionales de la TCC trabajan en colaboraci\u00f3n con su clientela para que sus necesidades y objetivos de tratamiento se cumplan de una manera que se sienta apropiada para las personas. Se\u00f1al\u00f3 tambi\u00e9n que las personas profesionales de la TCC integran elementos de otros modelos psicoterap\u00e9uticos disponibles para ayudar a la clientela con su amplia variedad de preocupaciones y desaf\u00edos, reconocen las diferencias culturales y las diversas visiones del mundo, as\u00ed como las desigualdades e injusticias sociales que experimentan muchos grupos y est\u00e1n abiertos y afirman a la clientela de diferentes or\u00edgenes, orientaciones sexuales, identidades de g\u00e9nero, razas, etnias, religiones, estado de capacidad y nivel socioecon\u00f3mico. &nbsp;Asimismo, se esfuerzan por ofrecer una TCC mejorada con competencias en humildad cultural y justicia social, y respaldo a cambios ambientales y sociales que ayuden a construir una sociedad m\u00e1s justa, equitativa y saludable.<\/p>\n\n\n\n<p>La membres\u00eda de la SIP est\u00e1 invitada a explorar las grabaciones de las charlas del estupendo 3er Simposio Internacional de ALAPCCO. \u00a1No se lo pierdan!&nbsp;<\/p>\n\n\n\n<p>Hay m\u00e1s de 6 horas de contenido disponible gratuitamente: <a href=\"https:\/\/secad.artmed.com.br\/lp\/evento-live\/cadastro\/3sialapcco-ptbr#\">https:\/\/secad.artmed.com.br\/lp\/evento-live\/cadastro\/3sialapcco-ptbr#<\/a> formulario &nbsp;&nbsp;&nbsp;&nbsp;&nbsp;&nbsp;<\/p>\n\n\n\n<p>Para conocer la historia y logros de la ALAPCCO ver: <a href=\"https:\/\/www.alapcco.com\/ESPANOL\/HISTORIA\">https:\/\/www.alapcco.com\/ESPANOL\/HISTORIA<\/a>&nbsp;<\/p>\n\n\n\n<p><strong>Referencias<\/strong><\/p>\n\n\n\n<p>Neufeld, C. B., Rebessi, I. P., Fidelis, P. C. B., Rios, B. F., Albuquerque, I. L. S. D., Bosaipo, N. B., Mendes, A. I. F., &amp; Szupszynski, K. P. D. R. (2021a). LaPICC contra COVID-19: Relato de uma experi\u00eancia de terapia cognitivo-comportamental em grupo online. Psico, 52(3), e41554. <a href=\"https:\/\/doi.org\/10.15448\/1980-8623.2021.3.41554\">https:\/\/doi.org\/10.15448\/1980-8623.2021.3.41554<\/a>&nbsp;<\/p>\n\n\n\n<p>Neufeld, C.B., Szupszynski, K.P.D.R., Barletta, J.B. et al. (2021b). The development of cognitive behavioral therapy: Practice, research, and future directions in Latin America. International Journal of Cognitive Therapy, 14, 235\u2013246. <a href=\"https:\/\/doi.org\/10.1007\/s41811-021-00100-2\">https:\/\/doi.org\/10.1007\/s41811-021-00100-2<\/a> &nbsp;<\/p>\n\n\n\n<p>doi: 10.30849\/psinteram110 | Descarga el <a href=\"https:\/\/bulletin.sipsych.org\/wp-content\/uploads\/2022\/07\/koerner-110.pdf\">art\u00edculo de la versi\u00f3n PDF<\/a>.<\/p>\n","protected":false},"excerpt":{"rendered":"<p>Naomi Koerner1, Jennifer Morales-Cruz2, Alfonso Urz\u00faa3, Carlos Zalaquett4 y Carmem Beatriz Neufeld5 1 Departamento de Psicolog\u00eda, Toronto Metropolitan University (anteriormente conocida como Ryerson University), Canad\u00e1 | 2 Escuela de Ciencias Conductuales y Neurales, Universidad de las Ciencias de la Salud de Ponce, Puerto Rico | 3 Escuela de Psicolog\u00eda, Universidad Cat\u00f3lica del Norte, Chile | [&hellip;]<\/p>\n","protected":false},"author":2,"featured_media":380,"comment_status":"open","ping_status":"open","sticky":false,"template":"","format":"standard","meta":{"_et_pb_use_builder":"off","_et_pb_old_content":"","_et_gb_content_width":"","footnotes":""},"categories":[105,101],"tags":[156,5,17,154,151,153,152,50,155,157,158],"class_list":["post-378","post","type-post","status-publish","format-standard","has-post-thumbnail","hentry","category-boletin-no-110","category-resenas-especiales","tag-alapcco","tag-alfonso-urzua","tag-carlos-zalaquett","tag-carmem-beatriz-neufeld","tag-convenios","tag-jennifer-morales-cruz","tag-naomi-koerner","tag-salud-mental","tag-sip","tag-tcc","tag-terapias","et-has-post-format-content","et_post_format-et-post-format-standard"],"_links":{"self":[{"href":"https:\/\/bulletin.sipsych.org\/index.php\/wp-json\/wp\/v2\/posts\/378","targetHints":{"allow":["GET"]}}],"collection":[{"href":"https:\/\/bulletin.sipsych.org\/index.php\/wp-json\/wp\/v2\/posts"}],"about":[{"href":"https:\/\/bulletin.sipsych.org\/index.php\/wp-json\/wp\/v2\/types\/post"}],"author":[{"embeddable":true,"href":"https:\/\/bulletin.sipsych.org\/index.php\/wp-json\/wp\/v2\/users\/2"}],"replies":[{"embeddable":true,"href":"https:\/\/bulletin.sipsych.org\/index.php\/wp-json\/wp\/v2\/comments?post=378"}],"version-history":[{"count":4,"href":"https:\/\/bulletin.sipsych.org\/index.php\/wp-json\/wp\/v2\/posts\/378\/revisions"}],"predecessor-version":[{"id":479,"href":"https:\/\/bulletin.sipsych.org\/index.php\/wp-json\/wp\/v2\/posts\/378\/revisions\/479"}],"wp:featuredmedia":[{"embeddable":true,"href":"https:\/\/bulletin.sipsych.org\/index.php\/wp-json\/wp\/v2\/media\/380"}],"wp:attachment":[{"href":"https:\/\/bulletin.sipsych.org\/index.php\/wp-json\/wp\/v2\/media?parent=378"}],"wp:term":[{"taxonomy":"category","embeddable":true,"href":"https:\/\/bulletin.sipsych.org\/index.php\/wp-json\/wp\/v2\/categories?post=378"},{"taxonomy":"post_tag","embeddable":true,"href":"https:\/\/bulletin.sipsych.org\/index.php\/wp-json\/wp\/v2\/tags?post=378"}],"curies":[{"name":"wp","href":"https:\/\/api.w.org\/{rel}","templated":true}]}}